{"id":12793,"date":"2026-03-16T13:57:21","date_gmt":"2026-03-16T13:57:21","guid":{"rendered":"https:\/\/composite-tech.com\/?p=12793"},"modified":"2026-03-16T15:26:55","modified_gmt":"2026-03-16T15:26:55","slug":"how-to-cut-fiberglass-gfrp-rebar-safely","status":"publish","type":"post","link":"https:\/\/composite-tech.com\/pt\/2026\/03\/16\/how-to-cut-fiberglass-gfrp-rebar-safely\/","title":{"rendered":"Como cortar vergalh\u00f5es de fibra de vidro (GFRP) com seguran\u00e7a (Ferramentas, Poeira, Passo a Passo)"},"content":{"rendered":"<p>Se voc\u00ea est\u00e1 aqui porque pesquisou <strong>\u201cComo cortar vergalh\u00f5es de fibra de vidro\u201d<\/strong> ou <strong>\u201cvergalh\u00e3o de fibra de vidro com l\u00e2mina diamantada\u201d<\/strong>Voc\u00ea est\u00e1 fazendo a pergunta certa. Cortando <strong>Vergalh\u00f5es de PRFV<\/strong> \u00c9 simples \u2014<em>Mas n\u00e3o \u00e9 a mesma coisa que cortar a\u00e7o.<\/em> Os principais problemas s\u00e3o poeira, farpas e o uso da ferramenta errada (que pode amassar a barra e enfraquecer a ponta).<\/p>\n\n\n\n<p>Este guia foi escrito para empreiteiros, instaladores e fabricantes que desejam cortes precisos, canteiros de obras mais seguros e menos dores de cabe\u00e7a.<\/p>\n\n\n\n<h2 class=\"wp-block-heading\"><strong>Resposta r\u00e1pida <\/strong><\/h2>\n\n\n\n<ul class=\"wp-block-list\">\n<li>Use um <strong>l\u00e2mina de diamante<\/strong> (melhor) ou um <strong>disco de corte abrasivo<\/strong> em uma serra de corte ou esmerilhadeira angular.&nbsp;<\/li>\n\n\n\n<li>Use sempre <strong>prote\u00e7\u00e3o ocular + luvas + prote\u00e7\u00e3o respirat\u00f3ria<\/strong> Quando houver poeira presente (no m\u00ednimo, uma m\u00e1scara facial filtrante com classifica\u00e7\u00e3o NIOSH, como uma N95, quando apropriado).&nbsp;<\/li>\n\n\n\n<li><strong>Prenda a barra<\/strong> Antes de cortar, tome cuidado para evitar vibra\u00e7\u00f5es e pontas desfiadas.&nbsp;<\/li>\n\n\n\n<li>Evite cortadores de a\u00e7o (eles podem esmagar\/deslaminar o comp\u00f3sito). Use serras\/discos projetados para corte de comp\u00f3sitos.&nbsp;<\/li>\n<\/ul>\n\n\n\n<h2 class=\"wp-block-heading\"><strong>Por que o corte de vergalh\u00f5es de GFRP \u00e9 diferente do corte de a\u00e7o?<\/strong><\/h2>\n\n\n\n<p>O corte de a\u00e7o envolve principalmente calor e fa\u00edscas. O corte de PRFV (Pl\u00e1stico Refor\u00e7ado com Fibra de Vidro) envolve... <strong>poeira e fibras<\/strong>.<\/p>\n\n\n\n<p><a href=\"https:\/\/composite-tech.com\/pt\/fiberglass-rebar-gfrp\/\">Vergalh\u00f5es de PRFV<\/a> \u00c9 um comp\u00f3sito: fibras de vidro cont\u00ednuas envoltas em resina polim\u00e9rica. Ao cort\u00e1-lo, criam-se:<\/p>\n\n\n\n<ul class=\"wp-block-list\">\n<li>p\u00f3 fino de fibra de vidro\/resina,<\/li>\n\n\n\n<li>fibras afiadas (&quot;bigodes&quot;) na extremidade cortada se a barra vibrar,<\/li>\n\n\n\n<li>e potencialmente uma extremidade \u00e1spera que \u00e9 mais dif\u00edcil de emendar ou posicionar corretamente.<\/li>\n<\/ul>\n\n\n\n<p>A solu\u00e7\u00e3o n\u00e3o \u00e9 complicada: l\u00e2mina correta + configura\u00e7\u00e3o est\u00e1vel + controle de poeira.<\/p>\n\n\n\n<figure class=\"wp-block-image size-large\"><img fetchpriority=\"high\" decoding=\"async\" width=\"1024\" height=\"673\" src=\"https:\/\/composite-tech.com\/wp-content\/uploads\/2026\/03\/SCR-20260316-npbf-1024x673.jpeg\" alt=\"\" class=\"wp-image-12803\" srcset=\"https:\/\/composite-tech.com\/wp-content\/uploads\/2026\/03\/SCR-20260316-npbf-1024x673.jpeg 1024w, https:\/\/composite-tech.com\/wp-content\/uploads\/2026\/03\/SCR-20260316-npbf-300x197.jpeg 300w, https:\/\/composite-tech.com\/wp-content\/uploads\/2026\/03\/SCR-20260316-npbf-768x505.jpeg 768w, https:\/\/composite-tech.com\/wp-content\/uploads\/2026\/03\/SCR-20260316-npbf-18x12.jpeg 18w, https:\/\/composite-tech.com\/wp-content\/uploads\/2026\/03\/SCR-20260316-npbf.jpeg 1104w\" sizes=\"(max-width: 1024px) 100vw, 1024px\" \/><\/figure>\n\n\n\n<h2 class=\"wp-block-heading\"><strong>Melhores ferramentas para cortar vergalh\u00f5es de fibra de vidro (obra + oficina)<\/strong><\/h2>\n\n\n\n<p>Aqui est\u00e1 o ranking pr\u00e1tico baseado no que os instaladores experientes de FRP usam com mais frequ\u00eancia.<\/p>\n\n\n\n<p><strong>Tabela de compara\u00e7\u00e3o de ferramentas<\/strong><\/p>\n\n\n\n<figure class=\"wp-block-table\"><table class=\"has-fixed-layout\"><tbody><tr><td class=\"has-text-align-center\" data-align=\"center\"><strong>Ferramenta<\/strong><\/td><td class=\"has-text-align-center\" data-align=\"center\"><strong>Ideal para<\/strong><\/td><td class=\"has-text-align-center\" data-align=\"center\"><strong>Pr\u00f3s<\/strong><\/td><td class=\"has-text-align-center\" data-align=\"center\"><strong>Contras<\/strong><\/td><\/tr><tr><td class=\"has-text-align-center\" data-align=\"center\"><strong>Serra de corte com l\u00e2mina diamantada<\/strong><\/td><td class=\"has-text-align-center\" data-align=\"center\">Cortes repetitivos, trabalho de produ\u00e7\u00e3o<\/td><td class=\"has-text-align-center\" data-align=\"center\">Cortes r\u00e1pidos e precisos, comprimento uniforme.<\/td><td class=\"has-text-align-center\" data-align=\"center\">Poeira; necessita de \u00e1rea de trabalho est\u00e1vel<\/td><\/tr><tr><td class=\"has-text-align-center\" data-align=\"center\"><strong>Esmerilhadeira angular (4,5\u201d ou 7\u201d) com disco diamantado<\/strong><\/td><td class=\"has-text-align-center\" data-align=\"center\">Cortes no campo, acesso restrito<\/td><td class=\"has-text-align-center\" data-align=\"center\">Port\u00e1til, amplamente dispon\u00edvel<\/td><td class=\"has-text-align-center\" data-align=\"center\">Mais poeira; requer m\u00e3o firme<\/td><\/tr><tr><td class=\"has-text-align-center\" data-align=\"center\"><strong>Serra circular com l\u00e2mina de diamante ou carboneto<\/strong><\/td><td class=\"has-text-align-center\" data-align=\"center\">Corte de campo e cortes retos<\/td><td class=\"has-text-align-center\" data-align=\"center\">R\u00e1pido; bom para pequenas quantidades.<\/td><td class=\"has-text-align-center\" data-align=\"center\">Poeira; precisa de controle para cortes retos.<\/td><\/tr><tr><td class=\"has-text-align-center\" data-align=\"center\"><strong>Serra de fita (oficina)<\/strong><\/td><td class=\"has-text-align-center\" data-align=\"center\">Corte de precis\u00e3o em oficina<\/td><td class=\"has-text-align-center\" data-align=\"center\">Limpo e controlado<\/td><td class=\"has-text-align-center\" data-align=\"center\">N\u00e3o \u00e9 pr\u00e1tico na maioria dos canteiros de obras.<\/td><\/tr><tr><td class=\"has-text-align-center\" data-align=\"center\"><strong>Serra de arco com ponta de carboneto (uso leve)<\/strong><\/td><td class=\"has-text-align-center\" data-align=\"center\">Di\u00e2metros pequenos \/ cortes ocasionais<\/td><td class=\"has-text-align-center\" data-align=\"center\">Baixo custo, sem necessidade de energia<\/td><td class=\"has-text-align-center\" data-align=\"center\">Lento; pode desfiar se n\u00e3o for apoiado.<\/td><\/tr><\/tbody><\/table><\/figure>\n\n\n\n<p>Essas recomenda\u00e7\u00f5es de ferramentas est\u00e3o de acordo com diversos guias da ind\u00fastria de PRFV (serras diamantadas\/de corte e esmerilhadeiras s\u00e3o as mais comuns).&nbsp;<\/p>\n\n\n\n<h2 class=\"wp-block-heading\"><strong>Disco de diamante versus disco abrasivo: qual \u00e9 o melhor?<\/strong><\/h2>\n\n\n\n<div class=\"wp-block-columns is-layout-flex wp-container-core-columns-is-layout-28f84493 wp-block-columns-is-layout-flex\">\n<div class=\"wp-block-column is-layout-flow wp-block-column-is-layout-flow\">\n<p><strong>L\u00e2mina de diamante<\/strong> Geralmente, a melhor op\u00e7\u00e3o para vergalh\u00f5es de GFRP \u00e9 o a\u00e7o inoxid\u00e1vel, pois tende a:<\/p>\n\n\n\n<ul class=\"wp-block-list\">\n<li>corte mais limpo,<\/li>\n\n\n\n<li>durar mais tempo,<\/li>\n\n\n\n<li>e reduzir o &quot;pux\u00e3o&quot; das fibras nas bordas.<\/li>\n<\/ul>\n<\/div>\n\n\n\n<div class=\"wp-block-column is-layout-flow wp-block-column-is-layout-flow\">\n<p>Discos abrasivos tamb\u00e9m funcionam, especialmente em serras de corte, mas geralmente:<\/p>\n\n\n\n<ul class=\"wp-block-list\">\n<li>desgaste mais r\u00e1pido,<\/li>\n\n\n\n<li>gerar mais poeira,<\/li>\n\n\n\n<li>e pode deixar uma borda mais \u00e1spera.<\/li>\n<\/ul>\n<\/div>\n<\/div>\n\n\n\n<p>A maioria dos guias de corte passo a passo para GFRP (pl\u00e1stico refor\u00e7ado com fibra de vidro) lista explicitamente as l\u00e2minas diamantadas como a op\u00e7\u00e3o preferencial, quando dispon\u00edveis.&nbsp;<\/p>\n\n\n\n<h2 class=\"wp-block-heading\"><strong>Passo a passo: como cortar vergalh\u00f5es de fibra de vidro com seguran\u00e7a<\/strong><\/h2>\n\n\n\n<h3 class=\"wp-block-heading\"><strong>Passo 1 \u2014 Estabele\u00e7a uma zona de corte segura<\/strong><\/h3>\n\n\n\n<ul class=\"wp-block-list\">\n<li>Escolha um <strong>\u00e1rea bem ventilada<\/strong> (ao ar livre, se poss\u00edvel).&nbsp;<\/li>\n\n\n\n<li>Mantenha os espectadores afastados da corrente de poeira.<\/li>\n\n\n\n<li>Se estiver trabalhando em ambientes fechados, use um aspirador de p\u00f3 industrial ou um extrator de poeira pr\u00f3ximo \u00e0 linha de corte.<\/li>\n<\/ul>\n\n\n\n<h3 class=\"wp-block-heading\"><strong>Passo 2 \u2014 Use os EPIs corretos<\/strong><\/h3>\n\n\n\n<p>EPI m\u00ednimo recomendado:<\/p>\n\n\n\n<ul class=\"wp-block-list\">\n<li><strong>\u00d3culos de seguran\u00e7a<\/strong> (As fibras podem irritar os olhos)<\/li>\n\n\n\n<li><strong>Luvas<\/strong> (previne farpas)<\/li>\n\n\n\n<li><strong>Prote\u00e7\u00e3o respirat\u00f3ria<\/strong> Quando h\u00e1 poeira no ar (muitas equipes usam respiradores do tipo N95 para poeira). A norma de prote\u00e7\u00e3o respirat\u00f3ria da OSHA rege os programas obrigat\u00f3rios para o uso de respiradores em locais de trabalho.&nbsp;<\/li>\n<\/ul>\n\n\n\n<p>Nota: Em locais de trabalho profissionais, os requisitos para o uso de respiradores dependem da exposi\u00e7\u00e3o e das normas do programa do empregador. Se o uso de respiradores for obrigat\u00f3rio, aplica-se a norma OSHA 29 CFR 1910.134.&nbsp;<\/p>\n\n\n\n<h3 class=\"wp-block-heading\"><strong>Etapa 3 \u2014 Me\u00e7a e marque a precis\u00e3otely<\/strong><\/h3>\n\n\n\n<ul class=\"wp-block-list\">\n<li>Use um marcador permanente ou fita adesiva.<\/li>\n\n\n\n<li>Para comprimentos repetitivos, use um bloco de parada ou gabarito.<\/li>\n<\/ul>\n\n\n\n<h3 class=\"wp-block-heading\"><strong>Passo 4 \u2014 Prenda a barra antes de cortar<\/strong><\/h3>\n\n\n\n<p>Essa \u00e9 a diferen\u00e7a entre um corte limpo e uma ponta desfiada.<\/p>\n\n\n\n<ul class=\"wp-block-list\">\n<li>Prenda a placa de fibra de vidro refor\u00e7ada com pl\u00e1stico (GFRP) a uma superf\u00edcie est\u00e1vel ou \u00e0 mesa da serra para evitar vibra\u00e7\u00f5es.&nbsp;<\/li>\n<\/ul>\n\n\n\n<h3 class=\"wp-block-heading\"><strong>Passo 5 \u2014 Corte com press\u00e3o constante (n\u00e3o force)<\/strong><\/h3>\n\n\n\n<ul class=\"wp-block-list\">\n<li>Deixe a l\u00e2mina fazer o trabalho.<\/li>\n\n\n\n<li>Para esmerilhadeiras: mantenha o disco perpendicular \u00e0 barra e evite torc\u00ea-lo.<\/li>\n<\/ul>\n\n\n\n<h3 class=\"wp-block-heading\"><strong>Passo 6 \u2014 Finalize a extremidade cortada (30 segundos)<\/strong><\/h3>\n\n\n\n<ul class=\"wp-block-list\">\n<li>Se necess\u00e1rio, lixe levemente ou remova as rebarbas com uma lixa.<\/li>\n\n\n\n<li>Se voc\u00ea estiver usando acopladores ou colocando as barras pr\u00f3ximas umas das outras, isso facilita o manuseio e reduz o ac\u00famulo de fibras soltas.<\/li>\n<\/ul>\n\n\n\n<h3 class=\"wp-block-heading\"><strong>Passo 7 \u2014 Limpe a poeira corretamente<\/strong><\/h3>\n\n\n\n<ul class=\"wp-block-list\">\n<li>Aspire o p\u00f3; n\u00e3o o espalhe pelo ar com uma vassoura seca.<\/li>\n\n\n\n<li>Descarte a poeira e os res\u00edduos de forma adequada, seguindo as normas da obra.<\/li>\n<\/ul>\n\n\n\n<div class=\"wp-block-columns is-layout-flex wp-container-core-columns-is-layout-28f84493 wp-block-columns-is-layout-flex\">\n<div class=\"wp-block-column is-layout-flow wp-block-column-is-layout-flow\">\n<h2 class=\"wp-block-heading\"><strong>Os erros mais comuns (e como evit\u00e1-los)<\/strong><\/h2>\n\n\n\n<p><\/p>\n\n\n\n<ol class=\"wp-block-list\">\n<li><strong>Utilizando cortadores de a\u00e7o<\/strong><br>Elas podem esmagar e delaminar uma barra composta. Use l\u00e2minas\/discos de serra em vez disso.&nbsp;<\/li>\n\n\n\n<li><strong>Sem travamento\/vibra\u00e7\u00e3o da barra durante o corte<\/strong><br>Isso cria pontas desfiadas e fibras soltas. Prenda com uma pin\u00e7a.&nbsp;<\/li>\n\n\n\n<li><strong>Ignorar o uso de EPI porque \u201cs\u00e3o apenas alguns cortes\u201d<\/strong><br>Mesmo alguns pequenos cortes podem produzir poeira irritante. O uso de prote\u00e7\u00e3o b\u00e1sica contra poeira e prote\u00e7\u00e3o ocular deve ser padr\u00e3o.&nbsp;<\/li>\n\n\n\n<li><strong>For\u00e7ando a l\u00e2mina<\/strong><br>O superaquecimento da resina deixa os cortes mais irregulares. Use press\u00e3o constante.<\/li>\n<\/ol>\n<\/div>\n\n\n\n<div class=\"wp-block-column is-layout-flow wp-block-column-is-layout-flow\">\n<figure class=\"wp-block-image size-large\"><img decoding=\"async\" width=\"695\" height=\"1024\" src=\"https:\/\/composite-tech.com\/wp-content\/uploads\/2026\/03\/SCR-20260316-nyqo-1-695x1024.jpeg\" alt=\"l\u00e2mina diamantada de vergalh\u00e3o de fibra de vidro\" class=\"wp-image-12795\" srcset=\"https:\/\/composite-tech.com\/wp-content\/uploads\/2026\/03\/SCR-20260316-nyqo-1-695x1024.jpeg 695w, https:\/\/composite-tech.com\/wp-content\/uploads\/2026\/03\/SCR-20260316-nyqo-1-204x300.jpeg 204w, https:\/\/composite-tech.com\/wp-content\/uploads\/2026\/03\/SCR-20260316-nyqo-1-768x1131.jpeg 768w, https:\/\/composite-tech.com\/wp-content\/uploads\/2026\/03\/SCR-20260316-nyqo-1-1043x1536.jpeg 1043w, https:\/\/composite-tech.com\/wp-content\/uploads\/2026\/03\/SCR-20260316-nyqo-1-8x12.jpeg 8w, https:\/\/composite-tech.com\/wp-content\/uploads\/2026\/03\/SCR-20260316-nyqo-1.jpeg 1122w\" sizes=\"(max-width: 695px) 100vw, 695px\" \/><\/figure>\n<\/div>\n<\/div>\n\n\n\n<h2 class=\"wp-block-heading\"><strong>Dicas para o local de trabalho que economizam tempo<\/strong><\/h2>\n\n\n\n<ul class=\"wp-block-list\">\n<li>Se voc\u00ea estiver cortando muitas pe\u00e7as, um <strong>Serra de corte com l\u00e2mina diamantada<\/strong> \u00e9 o fluxo de trabalho mais r\u00e1pido.&nbsp;<\/li>\n\n\n\n<li>Para cortes pontuais no local, um <strong>Esmerilhadeira angular de 4,5 polegadas + disco diamantado<\/strong> \u00e9 a solu\u00e7\u00e3o de campo mais comum.&nbsp;<\/li>\n\n\n\n<li>Guarde uma pequena lixa na caixa de ferramentas. Ela evita que as luvas se prendam nas fibras da madeira.<\/li>\n<\/ul>\n\n\n\n<h2 class=\"wp-block-heading\"><strong>Perguntas frequentes<\/strong><\/h2>\n\n\n<div id=\"rank-math-faq\" class=\"rank-math-block\">\n<div class=\"rank-math-list\">\n<div id=\"faq-question-1773669534182\" class=\"rank-math-list-item\">\n<h3 class=\"rank-math-question\"><strong>Qual a melhor l\u00e2mina para cortar vergalh\u00f5es de fibra de vidro (GFRP)?<\/strong><\/h3>\n<div class=\"rank-math-answer\">\n\n<p>A maioria dos instaladores prefere um <strong>l\u00e2mina de diamante<\/strong> Em uma serra de corte ou esmerilhadeira angular para cortes limpos e r\u00e1pidos.\u00a0<\/p>\n\n<\/div>\n<\/div>\n<div id=\"faq-question-1773669589879\" class=\"rank-math-list-item\">\n<h3 class=\"rank-math-question\"><strong>Posso cortar vergalh\u00f5es de fibra de vidro com uma l\u00e2mina de serra para metal?<\/strong><\/h3>\n<div class=\"rank-math-answer\">\n\n<p>Voc\u00ea n\u00e3o deveria. Use um <strong>disco de corte diamantado ou abrasivo<\/strong> Projetada para corte de materiais compostos, n\u00e3o \u00e9 uma l\u00e2mina dentada para a\u00e7o.\u00a0<\/p>\n\n<\/div>\n<\/div>\n<div id=\"faq-question-1773669590971\" class=\"rank-math-list-item\">\n<h3 class=\"rank-math-question\"><strong>O corte de vergalh\u00f5es de GFRP gera poeira perigosa?<\/strong><\/h3>\n<div class=\"rank-math-answer\">\n\n<p>O corte produz poeira fina de fibra de vidro\/resina que pode irritar os olhos e a pele e deve ser controlada. Utilize ventila\u00e7\u00e3o adequada e EPI apropriado; a norma da OSHA sobre respiradores se aplica quando o uso de respiradores for obrigat\u00f3rio em um canteiro de obras.\u00a0<\/p>\n\n<\/div>\n<\/div>\n<div id=\"faq-question-1773669663779\" class=\"rank-math-list-item\">\n<h3 class=\"rank-math-question\"><strong>Que EPIs devo usar ao cortar vergalh\u00f5es de fibra de vidro?<\/strong><\/h3>\n<div class=\"rank-math-answer\">\n\n<p>No m\u00ednimo: <strong>\u00d3culos de seguran\u00e7a, luvas e prote\u00e7\u00e3o respirat\u00f3ria adequada contra poeira.<\/strong> Quando h\u00e1 presen\u00e7a de poeira (muitos usam m\u00e1scaras de prote\u00e7\u00e3o facial do tipo N95 para poeira particulada, dependendo das normas do local e do n\u00edvel de exposi\u00e7\u00e3o).\u00a0<\/p>\n\n<\/div>\n<\/div>\n<div id=\"faq-question-1773669686329\" class=\"rank-math-list-item\">\n<h3 class=\"rank-math-question\"><strong>Devo cortar vergalh\u00f5es de fibra de vidro a \u00famido para reduzir a poeira?<\/strong><\/h3>\n<div class=\"rank-math-answer\">\n\n<p>O corte a \u00famido pode reduzir a poeira no ar, mas \u00e9 preciso garantir que a ferramenta de corte seja compat\u00edvel com uso em ambiente \u00famido e seguir as normas de seguran\u00e7a el\u00e9trica. Muitas equipes, por sua vez, utilizam o corte a seco com sistema de extra\u00e7\u00e3o de poeira localizado e respiradores.<\/p>\n\n<\/div>\n<\/div>\n<\/div>\n<\/div>\n\n\n<h2 class=\"wp-block-heading\"><strong>Por que isso \u00e9 importante para a qualidade (e n\u00e3o apenas para a seguran\u00e7a)<\/strong><\/h2>\n\n\n\n<p>O corte limpo protege mais do que seus pulm\u00f5es \u2014 protege a integridade da sua instala\u00e7\u00e3o:<\/p>\n\n\n\n<ul class=\"wp-block-list\">\n<li>Extremidades mais limpas = posicionamento e emenda mais f\u00e1ceis.<\/li>\n\n\n\n<li>Menos desgaste = menos les\u00f5es por manuseio e menos sujeira.<\/li>\n\n\n\n<li>Melhor fluxo de trabalho = refor\u00e7o mais r\u00e1pido da laje e da funda\u00e7\u00e3o.<\/li>\n<\/ul>\n\n\n\n<p>Se voc\u00ea fabrica <a href=\"https:\/\/composite-tech.com\/pt\/products\/\">Barras de refor\u00e7o e malha de GFRP\/BFRP<\/a>A qualidade do corte tamb\u00e9m reflete a consist\u00eancia do produto \u2014 uma boa impregna\u00e7\u00e3o e uma cura adequada reduzem o desgaste e o comportamento &quot;quebradi\u00e7o&quot; do corte.<\/p>","protected":false},"excerpt":{"rendered":"<p>Se voc\u00ea chegou aqui porque pesquisou \u201ccomo cortar vergalh\u00e3o de fibra de vidro\u201d ou \u201cl\u00e2mina diamantada para vergalh\u00e3o de fibra de vidro\u201d, voc\u00ea est\u00e1 fazendo a pergunta certa. <\/p>","protected":false},"author":2,"featured_media":12817,"comment_status":"closed","ping_status":"open","sticky":false,"template":"","format":"standard","meta":{"site-sidebar-layout":"default","site-content-layout":"","ast-site-content-layout":"default","site-content-style":"default","site-sidebar-style":"default","ast-global-header-display":"","ast-banner-title-visibility":"","ast-main-header-display":"","ast-hfb-above-header-display":"","ast-hfb-below-header-display":"","ast-hfb-mobile-header-display":"","site-post-title":"","ast-breadcrumbs-content":"","ast-featured-img":"","footer-sml-layout":"","ast-disable-related-posts":"","theme-transparent-header-meta":"","adv-header-id-meta":"","stick-header-meta":"","header-above-stick-meta":"","header-main-stick-meta":"","header-below-stick-meta":"","astra-migrate-meta-layouts":"set","ast-page-background-enabled":"default","ast-page-background-meta":{"desktop":{"background-color":"","background-image":"","background-repeat":"repeat","background-position":"center center","background-size":"auto","background-attachment":"scroll","background-type":"","background-media":"","overlay-type":"","overlay-color":"","overlay-opacity":"","overlay-gradient":""},"tablet":{"background-color":"","background-image":"","background-repeat":"repeat","background-position":"center center","background-size":"auto","background-attachment":"scroll","background-type":"","background-media":"","overlay-type":"","overlay-color":"","overlay-opacity":"","overlay-gradient":""},"mobile":{"background-color":"","background-image":"","background-repeat":"repeat","background-position":"center center","background-size":"auto","background-attachment":"scroll","background-type":"","background-media":"","overlay-type":"","overlay-color":"","overlay-opacity":"","overlay-gradient":""}},"ast-content-background-meta":{"desktop":{"background-color":"var(--ast-global-color-5)","background-image":"","background-repeat":"repeat","background-position":"center center","background-size":"auto","background-attachment":"scroll","background-type":"","background-media":"","overlay-type":"","overlay-color":"","overlay-opacity":"","overlay-gradient":""},"tablet":{"background-color":"var(--ast-global-color-5)","background-image":"","background-repeat":"repeat","background-position":"center center","background-size":"auto","background-attachment":"scroll","background-type":"","background-media":"","overlay-type":"","overlay-color":"","overlay-opacity":"","overlay-gradient":""},"mobile":{"background-color":"var(--ast-global-color-5)","background-image":"","background-repeat":"repeat","background-position":"center center","background-size":"auto","background-attachment":"scroll","background-type":"","background-media":"","overlay-type":"","overlay-color":"","overlay-opacity":"","overlay-gradient":""}},"footnotes":""},"categories":[13],"tags":[],"class_list":["post-12793","post","type-post","status-publish","format-standard","has-post-thumbnail","hentry","category-news"],"_links":{"self":[{"href":"https:\/\/composite-tech.com\/pt\/wp-json\/wp\/v2\/posts\/12793","targetHints":{"allow":["GET"]}}],"collection":[{"href":"https:\/\/composite-tech.com\/pt\/wp-json\/wp\/v2\/posts"}],"about":[{"href":"https:\/\/composite-tech.com\/pt\/wp-json\/wp\/v2\/types\/post"}],"author":[{"embeddable":true,"href":"https:\/\/composite-tech.com\/pt\/wp-json\/wp\/v2\/users\/2"}],"replies":[{"embeddable":true,"href":"https:\/\/composite-tech.com\/pt\/wp-json\/wp\/v2\/comments?post=12793"}],"version-history":[{"count":7,"href":"https:\/\/composite-tech.com\/pt\/wp-json\/wp\/v2\/posts\/12793\/revisions"}],"predecessor-version":[{"id":12808,"href":"https:\/\/composite-tech.com\/pt\/wp-json\/wp\/v2\/posts\/12793\/revisions\/12808"}],"wp:featuredmedia":[{"embeddable":true,"href":"https:\/\/composite-tech.com\/pt\/wp-json\/wp\/v2\/media\/12817"}],"wp:attachment":[{"href":"https:\/\/composite-tech.com\/pt\/wp-json\/wp\/v2\/media?parent=12793"}],"wp:term":[{"taxonomy":"category","embeddable":true,"href":"https:\/\/composite-tech.com\/pt\/wp-json\/wp\/v2\/categories?post=12793"},{"taxonomy":"post_tag","embeddable":true,"href":"https:\/\/composite-tech.com\/pt\/wp-json\/wp\/v2\/tags?post=12793"}],"curies":[{"name":"wp","href":"https:\/\/api.w.org\/{rel}","templated":true}]}}